{"id":17887,"date":"2021-10-18T19:12:45","date_gmt":"2021-10-18T17:12:45","guid":{"rendered":"https:\/\/www.ff-nitscha.at\/wptes\/?p=17887"},"modified":"2022-01-29T14:25:47","modified_gmt":"2022-01-29T14:25:47","slug":"atemschutzleistungspruefung-am-16-10-2021-in-grosssteinbach","status":"publish","type":"post","link":"https:\/\/www.ff-nitscha.at\/?p=17887","title":{"rendered":"Atemschutzleistungspr\u00fcfung am 16.10.2021 in Gro\u00dfsteinbach"},"content":{"rendered":"\n<p>Am 16. Oktober 2021 fand in Gro\u00dfsteinbach die diesj\u00e4hrige Atemschutzleistungspr\u00fcfung (ASLP) statt, bei welcher unsere vier teilnehmenden Kameraden in f\u00fcnf Stationen ihr K\u00f6nnen unter Beweis stellen konnten.<\/p>\n\n\n\n<p>Bei der ersten Station mussten unsere Kameraden Fragen rund um den Atemschutz beantworten. Bei der zweiten Station wurde das richtige Aufnehmen und in Betrieb setzen des Atemschutzger\u00e4ts von dem Bewerten gepr\u00fcft. Bei Station drei f\u00fchrten unsere Atemschutzger\u00e4tetr\u00e4ger eine Menschenrettung im zweiten Obergeschoss mittels Leinensicherung durch. Bei der vierten Station f\u00fchrte unser Atemschutztrupp eine Brandbek\u00e4mpfung im ersten Obergeschoss mittels HD Strahlrohr durch. Bei der f\u00fcnften und letzten Station wurde das Atemschutzger\u00e4t wieder aufger\u00fcstet.<\/p>\n\n\n\n<p>Unsere Kameraden HBI Werner Kriegl (Gruppenkommandant) LM d. F. Lukas Mei\u00dfl (Atemschutztruppf\u00fchrer) LM d. F. Domink Neuhold (Atemschutztruppmann 1) und OFM Marco Sinkovits (Atemschutztruppmann 2) nahmen an dieser Pr\u00fcfung erfolgreich teil und konnten das Atemschutzleistungsabzeichen in Bronze erringen.<\/p>\n\n\n\n<p>Weiters d\u00fcrfen wir uns bei HLM Bernhard Genser f\u00fcr die gute Vorbereitung f\u00fcr diese sehr genaue und anstrengende Pr\u00fcfung bedanken.<\/p>\n\n\n\nngg_shortcode_0_placeholder\n","protected":false},"excerpt":{"rendered":"<p>Am 16. Oktober 2021 fand in Gro\u00dfsteinbach die diesj\u00e4hrige Atemschutzleistungspr\u00fcfung (ASLP) statt, bei welcher unsere vier teilnehmenden Kameraden in f\u00fcnf Stationen ihr K\u00f6nnen unter Beweis stellen konnten. Bei der ersten Station mussten unsere Kameraden Fragen rund um den Atemschutz beantworten. Bei der zweiten Station wurde das richtige Aufnehmen und in Betrieb setzen des Atemschutzger\u00e4ts von [&hellip;]<\/p>\n","protected":false},"author":1,"featured_media":0,"comment_status":"closed","ping_status":"closed","sticky":false,"template":"","format":"standard","meta":{"_acf_changed":false,"_eb_attr":"","site-sidebar-layout":"default","site-content-layout":"","ast-site-content-layout":"","site-content-style":"default","site-sidebar-style":"default","ast-global-header-display":"","ast-banner-title-visibility":"","ast-main-header-display":"","ast-hfb-above-header-display":"","ast-hfb-below-header-display":"","ast-hfb-mobile-header-display":"","site-post-title":"","ast-breadcrumbs-content":"","ast-featured-img":"","footer-sml-layout":"","theme-transparent-header-meta":"","adv-header-id-meta":"","stick-header-meta":"","header-above-stick-meta":"","header-main-stick-meta":"","header-below-stick-meta":"","astra-migrate-meta-layouts":"default","ast-page-background-enabled":"default","ast-page-background-meta":{"desktop":{"background-color":"var(--ast-global-color-4)","background-image":"","background-repeat":"repeat","background-position":"center center","background-size":"auto","background-attachment":"scroll","background-type":"","background-media":"","overlay-type":"","overlay-color":"","overlay-opacity":"","overlay-gradient":""},"tablet":{"background-color":"","background-image":"","background-repeat":"repeat","background-position":"center center","background-size":"auto","background-attachment":"scroll","background-type":"","background-media":"","overlay-type":"","overlay-color":"","overlay-opacity":"","overlay-gradient":""},"mobile":{"background-color":"","background-image":"","background-repeat":"repeat","background-position":"center center","background-size":"auto","background-attachment":"scroll","background-type":"","background-media":"","overlay-type":"","overlay-color":"","overlay-opacity":"","overlay-gradient":""}},"ast-content-background-meta":{"desktop":{"background-color":"var(--ast-global-color-5)","background-image":"","background-repeat":"repeat","background-position":"center center","background-size":"auto","background-attachment":"scroll","background-type":"","background-media":"","overlay-type":"","overlay-color":"","overlay-opacity":"","overlay-gradient":""},"tablet":{"background-color":"var(--ast-global-color-5)","background-image":"","background-repeat":"repeat","background-position":"center center","background-size":"auto","background-attachment":"scroll","background-type":"","background-media":"","overlay-type":"","overlay-color":"","overlay-opacity":"","overlay-gradient":""},"mobile":{"background-color":"var(--ast-global-color-5)","background-image":"","background-repeat":"repeat","background-position":"center center","background-size":"auto","background-attachment":"scroll","background-type":"","background-media":"","overlay-type":"","overlay-color":"","overlay-opacity":"","overlay-gradient":""}},"ngg_post_thumbnail":0,"footnotes":""},"categories":[6],"tags":[],"class_list":["post-17887","post","type-post","status-publish","format-standard","hentry","category-aktuelles"],"acf":[],"_links":{"self":[{"href":"https:\/\/www.ff-nitscha.at\/index.php?rest_route=\/wp\/v2\/posts\/17887","targetHints":{"allow":["GET"]}}],"collection":[{"href":"https:\/\/www.ff-nitscha.at\/index.php?rest_route=\/wp\/v2\/posts"}],"about":[{"href":"https:\/\/www.ff-nitscha.at\/index.php?rest_route=\/wp\/v2\/types\/post"}],"author":[{"embeddable":true,"href":"https:\/\/www.ff-nitscha.at\/index.php?rest_route=\/wp\/v2\/users\/1"}],"replies":[{"embeddable":true,"href":"https:\/\/www.ff-nitscha.at\/index.php?rest_route=%2Fwp%2Fv2%2Fcomments&post=17887"}],"version-history":[{"count":2,"href":"https:\/\/www.ff-nitscha.at\/index.php?rest_route=\/wp\/v2\/posts\/17887\/revisions"}],"predecessor-version":[{"id":18413,"href":"https:\/\/www.ff-nitscha.at\/index.php?rest_route=\/wp\/v2\/posts\/17887\/revisions\/18413"}],"wp:attachment":[{"href":"https:\/\/www.ff-nitscha.at\/index.php?rest_route=%2Fwp%2Fv2%2Fmedia&parent=17887"}],"wp:term":[{"taxonomy":"category","embeddable":true,"href":"https:\/\/www.ff-nitscha.at\/index.php?rest_route=%2Fwp%2Fv2%2Fcategories&post=17887"},{"taxonomy":"post_tag","embeddable":true,"href":"https:\/\/www.ff-nitscha.at\/index.php?rest_route=%2Fwp%2Fv2%2Ftags&post=17887"}],"curies":[{"name":"wp","href":"https:\/\/api.w.org\/{rel}","templated":true}]}}