{"id":25099,"date":"2022-11-14T22:32:22","date_gmt":"2022-11-14T21:32:22","guid":{"rendered":"https:\/\/www.ff-nitscha.at\/?p=25099"},"modified":"2022-11-14T22:32:24","modified_gmt":"2022-11-14T21:32:24","slug":"grosser-andrang-beim-tag-der-offenen-tuer-bei-der-ff-nitscha-mit-feuerloescherueberpruefung","status":"publish","type":"post","link":"https:\/\/www.ff-nitscha.at\/?p=25099","title":{"rendered":"<strong>Gro\u00dfer Andrang beim Tag der offenen T\u00fcr bei der FF Nitscha mit Feuerl\u00f6scher\u00fcberpr\u00fcfung!<\/strong>"},"content":{"rendered":"\n<p>Am letzten Samstag organisierte die FF Nitscha die verpflichtende zweij\u00e4hrige Feuerl\u00f6scher\u00fcberpr\u00fcfung in Verbindung mit einem Tag der offenen T\u00fcr und Vorf\u00fchrung der Entstehungsbrandbek\u00e4mpfung. Bereits kurz vor acht Uhr bildeten sich schon die ersten Schlangen vor den Pr\u00fcfst\u00e4nden. Im Zug der praktischen Vorf\u00fchrung der Entstehungsbrandbek\u00e4mpfung konnten unter fachkundiger Anleitung von OBI Markus Maurer und HLM Bernhard Genser die Besucher selbst zum Feuerl\u00f6scher greifen und die verschiedenen Szenarien be\u00fcben und l\u00f6schen. Ein Schwerpunkt am Ende jeder Vorf\u00fchrung war die praktische Anwendung der L\u00f6schdecke.<\/p>\n\n\n\n<p>Der Jugend wurden die Feuerwehrfahrzeuge und die Ger\u00e4tschaften praktisch erkl\u00e4rt und vorgef\u00fchrt. Die Feuerwehrhausf\u00fchrung, vorgenommen von Kommandant Werner Kriegl, stie\u00df auf reges Interesse. Im Zuge der Besichtigung wurde der Ablauf eines Einsatzes von der Alarmierung bis hin zur Ausfahrt praktisch erkl\u00e4rt.<\/p>\n\n\n\n<p>Eine gro\u00dfe Freude machte uns ein junger Feuerwehrfan. Sie \u00fcbergab dem Kommando ihre Zeichnung von unserem Feuerwehrauto! Ein herzliches Dankesch\u00f6n an die junge K\u00fcnstlerin.<\/p>\n\n\n\nngg_shortcode_0_placeholder\n","protected":false},"excerpt":{"rendered":"<p>Am letzten Samstag organisierte die FF Nitscha die verpflichtende zweij\u00e4hrige Feuerl\u00f6scher\u00fcberpr\u00fcfung in Verbindung mit einem Tag der offenen T\u00fcr und Vorf\u00fchrung der Entstehungsbrandbek\u00e4mpfung. Bereits kurz vor acht Uhr bildeten sich schon die ersten Schlangen vor den Pr\u00fcfst\u00e4nden. Im Zug der praktischen Vorf\u00fchrung der Entstehungsbrandbek\u00e4mpfung konnten unter fachkundiger Anleitung von OBI Markus Maurer und HLM Bernhard [&hellip;]<\/p>\n","protected":false},"author":1,"featured_media":0,"comment_status":"closed","ping_status":"closed","sticky":false,"template":"","format":"standard","meta":{"_acf_changed":false,"_eb_attr":"","site-sidebar-layout":"default","site-content-layout":"","ast-site-content-layout":"","site-content-style":"default","site-sidebar-style":"default","ast-global-header-display":"","ast-banner-title-visibility":"","ast-main-header-display":"","ast-hfb-above-header-display":"","ast-hfb-below-header-display":"","ast-hfb-mobile-header-display":"","site-post-title":"","ast-breadcrumbs-content":"","ast-featured-img":"","footer-sml-layout":"","theme-transparent-header-meta":"","adv-header-id-meta":"","stick-header-meta":"","header-above-stick-meta":"","header-main-stick-meta":"","header-below-stick-meta":"","astra-migrate-meta-layouts":"default","ast-page-background-enabled":"default","ast-page-background-meta":{"desktop":{"background-color":"var(--ast-global-color-4)","background-image":"","background-repeat":"repeat","background-position":"center center","background-size":"auto","background-attachment":"scroll","background-type":"","background-media":"","overlay-type":"","overlay-color":"","overlay-opacity":"","overlay-gradient":""},"tablet":{"background-color":"","background-image":"","background-repeat":"repeat","background-position":"center center","background-size":"auto","background-attachment":"scroll","background-type":"","background-media":"","overlay-type":"","overlay-color":"","overlay-opacity":"","overlay-gradient":""},"mobile":{"background-color":"","background-image":"","background-repeat":"repeat","background-position":"center center","background-size":"auto","background-attachment":"scroll","background-type":"","background-media":"","overlay-type":"","overlay-color":"","overlay-opacity":"","overlay-gradient":""}},"ast-content-background-meta":{"desktop":{"background-color":"var(--ast-global-color-5)","background-image":"","background-repeat":"repeat","background-position":"center center","background-size":"auto","background-attachment":"scroll","background-type":"","background-media":"","overlay-type":"","overlay-color":"","overlay-opacity":"","overlay-gradient":""},"tablet":{"background-color":"var(--ast-global-color-5)","background-image":"","background-repeat":"repeat","background-position":"center center","background-size":"auto","background-attachment":"scroll","background-type":"","background-media":"","overlay-type":"","overlay-color":"","overlay-opacity":"","overlay-gradient":""},"mobile":{"background-color":"var(--ast-global-color-5)","background-image":"","background-repeat":"repeat","background-position":"center center","background-size":"auto","background-attachment":"scroll","background-type":"","background-media":"","overlay-type":"","overlay-color":"","overlay-opacity":"","overlay-gradient":""}},"ngg_post_thumbnail":0,"footnotes":""},"categories":[6],"tags":[],"class_list":["post-25099","post","type-post","status-publish","format-standard","hentry","category-aktuelles"],"acf":[],"_links":{"self":[{"href":"https:\/\/www.ff-nitscha.at\/index.php?rest_route=\/wp\/v2\/posts\/25099","targetHints":{"allow":["GET"]}}],"collection":[{"href":"https:\/\/www.ff-nitscha.at\/index.php?rest_route=\/wp\/v2\/posts"}],"about":[{"href":"https:\/\/www.ff-nitscha.at\/index.php?rest_route=\/wp\/v2\/types\/post"}],"author":[{"embeddable":true,"href":"https:\/\/www.ff-nitscha.at\/index.php?rest_route=\/wp\/v2\/users\/1"}],"replies":[{"embeddable":true,"href":"https:\/\/www.ff-nitscha.at\/index.php?rest_route=%2Fwp%2Fv2%2Fcomments&post=25099"}],"version-history":[{"count":2,"href":"https:\/\/www.ff-nitscha.at\/index.php?rest_route=\/wp\/v2\/posts\/25099\/revisions"}],"predecessor-version":[{"id":25118,"href":"https:\/\/www.ff-nitscha.at\/index.php?rest_route=\/wp\/v2\/posts\/25099\/revisions\/25118"}],"wp:attachment":[{"href":"https:\/\/www.ff-nitscha.at\/index.php?rest_route=%2Fwp%2Fv2%2Fmedia&parent=25099"}],"wp:term":[{"taxonomy":"category","embeddable":true,"href":"https:\/\/www.ff-nitscha.at\/index.php?rest_route=%2Fwp%2Fv2%2Fcategories&post=25099"},{"taxonomy":"post_tag","embeddable":true,"href":"https:\/\/www.ff-nitscha.at\/index.php?rest_route=%2Fwp%2Fv2%2Ftags&post=25099"}],"curies":[{"name":"wp","href":"https:\/\/api.w.org\/{rel}","templated":true}]}}