{"id":30233,"date":"2024-10-15T16:49:15","date_gmt":"2024-10-15T15:49:15","guid":{"rendered":"https:\/\/www.ff-nitscha.at\/?p=30233"},"modified":"2024-10-18T15:31:01","modified_gmt":"2024-10-18T14:31:01","slug":"bereichs-mras-uebung-am-05-10-2024-in-anger","status":"publish","type":"post","link":"https:\/\/www.ff-nitscha.at\/?p=30233","title":{"rendered":"Bereichs-MRAS-\u00dcbung am 05.10.2024 in Anger"},"content":{"rendered":"\n<p>Am Samstag den 5. Oktober 2024 fand in Abschnitt 3 (Anger) die diesj\u00e4hrige Weiterbildung f\u00fcr das Sachgebiet MRAS des BFV Weiz statt, an welcher unsere Kameraden OBI Markus Maurer und LM Lukas Mei\u00dfl teilgenommen haben.<\/p>\n\n\n\n<p>Insgesamt nahmen 27 Teilnehmer von zw\u00f6lf Feuerwehrwehren an dieser herausfordernden und spannenden \u00dcbung teil. Bei den drei Stationen wurde das Wissen der Teilnehmer in Bezug auf die Seiltechnik erweitert bzw. gefestigt. Es galt folgende Stationen zu absolvieren:<\/p>\n\n\n\n<p><strong>Station 1:<\/strong><br>Menschenrettung aus unwegsamem Gel\u00e4nde (Korbtrage)<\/p>\n\n\n\n<p><strong>Station 2:<\/strong><br>Menschenrettung von einer Seilbahnst\u00fctze<\/p>\n\n\n\n<p><strong>Station 3:<\/strong><br>Menschenrettung aus unwegsamem Gel\u00e4nde \u2013 Seilgel\u00e4nder (Korbtrage)<\/p>\n\n\n\n<p>Jede Station wurde von einem Stationsbetreuer geleitet und begleitet. Diese waren die Abschnittsbeauftragten f\u00fcr die Menschenrettung \u2013 und Absturzsicherung, Nina H\u00f6ller, Bernhard Genser und Arnold Huber sowie Bereichsbeauftragter Christian Hermann.<\/p>\n\n\n\nngg_shortcode_0_placeholder\n\n\n\n<p>Fotos und Bericht: <a href=\"https:\/\/www.bfvwz.steiermark.at\/desktopdefault.aspx\/tabid-358\/1321_read-50713\" data-type=\"link\" data-id=\"https:\/\/www.bfvwz.steiermark.at\/desktopdefault.aspx\/tabid-358\/1321_read-50713\" target=\"_blank\" rel=\"noreferrer noopener\">BFV Weiz<\/a><\/p>\n\n\n\n<p><\/p>\n","protected":false},"excerpt":{"rendered":"<p>Am Samstag den 5. Oktober 2024 fand in Abschnitt 3 (Anger) die diesj\u00e4hrige Weiterbildung f\u00fcr das Sachgebiet MRAS des BFV Weiz statt, an welcher unsere Kameraden OBI Markus Maurer und LM Lukas Mei\u00dfl teilgenommen haben. Insgesamt nahmen 27 Teilnehmer von zw\u00f6lf Feuerwehrwehren an dieser herausfordernden und spannenden \u00dcbung teil. Bei den drei Stationen wurde das [&hellip;]<\/p>\n","protected":false},"author":1,"featured_media":0,"comment_status":"closed","ping_status":"closed","sticky":false,"template":"","format":"standard","meta":{"_acf_changed":false,"_eb_attr":"","site-sidebar-layout":"default","site-content-layout":"","ast-site-content-layout":"default","site-content-style":"default","site-sidebar-style":"default","ast-global-header-display":"","ast-banner-title-visibility":"","ast-main-header-display":"","ast-hfb-above-header-display":"","ast-hfb-below-header-display":"","ast-hfb-mobile-header-display":"","site-post-title":"","ast-breadcrumbs-content":"","ast-featured-img":"","footer-sml-layout":"","theme-transparent-header-meta":"","adv-header-id-meta":"","stick-header-meta":"","header-above-stick-meta":"","header-main-stick-meta":"","header-below-stick-meta":"","astra-migrate-meta-layouts":"set","ast-page-background-enabled":"default","ast-page-background-meta":{"desktop":{"background-color":"var(--ast-global-color-4)","background-image":"","background-repeat":"repeat","background-position":"center center","background-size":"auto","background-attachment":"scroll","background-type":"","background-media":"","overlay-type":"","overlay-color":"","overlay-opacity":"","overlay-gradient":""},"tablet":{"background-color":"","background-image":"","background-repeat":"repeat","background-position":"center center","background-size":"auto","background-attachment":"scroll","background-type":"","background-media":"","overlay-type":"","overlay-color":"","overlay-opacity":"","overlay-gradient":""},"mobile":{"background-color":"","background-image":"","background-repeat":"repeat","background-position":"center center","background-size":"auto","background-attachment":"scroll","background-type":"","background-media":"","overlay-type":"","overlay-color":"","overlay-opacity":"","overlay-gradient":""}},"ast-content-background-meta":{"desktop":{"background-color":"var(--ast-global-color-5)","background-image":"","background-repeat":"repeat","background-position":"center center","background-size":"auto","background-attachment":"scroll","background-type":"","background-media":"","overlay-type":"","overlay-color":"","overlay-opacity":"","overlay-gradient":""},"tablet":{"background-color":"var(--ast-global-color-5)","background-image":"","background-repeat":"repeat","background-position":"center center","background-size":"auto","background-attachment":"scroll","background-type":"","background-media":"","overlay-type":"","overlay-color":"","overlay-opacity":"","overlay-gradient":""},"mobile":{"background-color":"var(--ast-global-color-5)","background-image":"","background-repeat":"repeat","background-position":"center center","background-size":"auto","background-attachment":"scroll","background-type":"","background-media":"","overlay-type":"","overlay-color":"","overlay-opacity":"","overlay-gradient":""}},"ngg_post_thumbnail":0,"footnotes":""},"categories":[6],"tags":[],"class_list":["post-30233","post","type-post","status-publish","format-standard","hentry","category-aktuelles"],"acf":[],"_links":{"self":[{"href":"https:\/\/www.ff-nitscha.at\/index.php?rest_route=\/wp\/v2\/posts\/30233","targetHints":{"allow":["GET"]}}],"collection":[{"href":"https:\/\/www.ff-nitscha.at\/index.php?rest_route=\/wp\/v2\/posts"}],"about":[{"href":"https:\/\/www.ff-nitscha.at\/index.php?rest_route=\/wp\/v2\/types\/post"}],"author":[{"embeddable":true,"href":"https:\/\/www.ff-nitscha.at\/index.php?rest_route=\/wp\/v2\/users\/1"}],"replies":[{"embeddable":true,"href":"https:\/\/www.ff-nitscha.at\/index.php?rest_route=%2Fwp%2Fv2%2Fcomments&post=30233"}],"version-history":[{"count":4,"href":"https:\/\/www.ff-nitscha.at\/index.php?rest_route=\/wp\/v2\/posts\/30233\/revisions"}],"predecessor-version":[{"id":30238,"href":"https:\/\/www.ff-nitscha.at\/index.php?rest_route=\/wp\/v2\/posts\/30233\/revisions\/30238"}],"wp:attachment":[{"href":"https:\/\/www.ff-nitscha.at\/index.php?rest_route=%2Fwp%2Fv2%2Fmedia&parent=30233"}],"wp:term":[{"taxonomy":"category","embeddable":true,"href":"https:\/\/www.ff-nitscha.at\/index.php?rest_route=%2Fwp%2Fv2%2Fcategories&post=30233"},{"taxonomy":"post_tag","embeddable":true,"href":"https:\/\/www.ff-nitscha.at\/index.php?rest_route=%2Fwp%2Fv2%2Ftags&post=30233"}],"curies":[{"name":"wp","href":"https:\/\/api.w.org\/{rel}","templated":true}]}}