{"id":31888,"date":"2025-06-20T20:05:56","date_gmt":"2025-06-20T19:05:56","guid":{"rendered":"https:\/\/www.ff-nitscha.at\/?p=31888"},"modified":"2025-06-23T15:46:24","modified_gmt":"2025-06-23T14:46:24","slug":"atemschutzuebung-am-28-05-2025-in-hohenberg-2","status":"publish","type":"post","link":"https:\/\/www.ff-nitscha.at\/?p=31888","title":{"rendered":"Atemschutz\u00fcbung am 20.06.2025 in Hohenberg"},"content":{"rendered":"\n<p><\/p>\n\n\n\n<p>Am 20. Juni 2025 f\u00fchrten wir eine Atemschutz\u00fcbung in Hohenberg durch. \u00dcbungsannahme war ein Wohnhausbrand mit zwei vermissten Personen.<\/p>\n\n\n\n<p>Unser Atemschutztrupp durchsuchte unter Einsatz der W\u00e4rmebildkamera und im Seitenkriechgang das gesamte Geb\u00e4ude. Eine Person wurde im Erdgeschoss aufgefunden und mithilfe eines Tragetuchs und einer Brandfluchthaube gerettet. Die zweite Person befand sich im Keller und wurde mittels Chrashrettung  in Sicherheit gebracht.<\/p>\n\n\n\n<p>Die gr\u00f6\u00dfte Herausforderung dieser \u00dcbung war f\u00fcr den Atemschutztrupp das Absuchen s\u00e4mtlicher R\u00e4ume sowie die Menschenrettung in den sehr engen R\u00e4umen. F\u00fcr unsere j\u00fcngeren Kameraden stand die Unterst\u00fctzung des ATS Trupps, das Arbeiten mit der Au\u00dfen\u00fcberwachung und des Hochleistungsl\u00fcfters im Vordergrund.  <\/p>\n\n\n\n<p>Im Anschluss wurde die taktische Ventilation theoretisch erkl\u00e4rt und praktisch be\u00fcbt.<\/p>\n\n\n\n<p>Ein gro\u00dfer Dank gilt LM d. F. Martin Neuhold f\u00fcr die perfekte Vorbereitung sowie Magdalena H\u00f6fler und Patrick Timischl f\u00fcr die Zurverf\u00fcgungstellung des \u00dcbungsobjekts.<\/p>\n\n\n\nngg_shortcode_0_placeholder\n","protected":false},"excerpt":{"rendered":"<p>Am 20. Juni 2025 f\u00fchrten wir eine Atemschutz\u00fcbung in Hohenberg durch. \u00dcbungsannahme war ein Wohnhausbrand mit zwei vermissten Personen. Unser Atemschutztrupp durchsuchte unter Einsatz der W\u00e4rmebildkamera und im Seitenkriechgang das gesamte Geb\u00e4ude. Eine Person wurde im Erdgeschoss aufgefunden und mithilfe eines Tragetuchs und einer Brandfluchthaube gerettet. Die zweite Person befand sich im Keller und wurde [&hellip;]<\/p>\n","protected":false},"author":4,"featured_media":0,"comment_status":"closed","ping_status":"closed","sticky":false,"template":"","format":"standard","meta":{"_acf_changed":false,"_eb_attr":"","site-sidebar-layout":"default","site-content-layout":"","ast-site-content-layout":"default","site-content-style":"default","site-sidebar-style":"default","ast-global-header-display":"","ast-banner-title-visibility":"","ast-main-header-display":"","ast-hfb-above-header-display":"","ast-hfb-below-header-display":"","ast-hfb-mobile-header-display":"","site-post-title":"","ast-breadcrumbs-content":"","ast-featured-img":"","footer-sml-layout":"","theme-transparent-header-meta":"","adv-header-id-meta":"","stick-header-meta":"","header-above-stick-meta":"","header-main-stick-meta":"","header-below-stick-meta":"","astra-migrate-meta-layouts":"set","ast-page-background-enabled":"default","ast-page-background-meta":{"desktop":{"background-color":"var(--ast-global-color-4)","background-image":"","background-repeat":"repeat","background-position":"center center","background-size":"auto","background-attachment":"scroll","background-type":"","background-media":"","overlay-type":"","overlay-color":"","overlay-opacity":"","overlay-gradient":""},"tablet":{"background-color":"","background-image":"","background-repeat":"repeat","background-position":"center center","background-size":"auto","background-attachment":"scroll","background-type":"","background-media":"","overlay-type":"","overlay-color":"","overlay-opacity":"","overlay-gradient":""},"mobile":{"background-color":"","background-image":"","background-repeat":"repeat","background-position":"center center","background-size":"auto","background-attachment":"scroll","background-type":"","background-media":"","overlay-type":"","overlay-color":"","overlay-opacity":"","overlay-gradient":""}},"ast-content-background-meta":{"desktop":{"background-color":"var(--ast-global-color-5)","background-image":"","background-repeat":"repeat","background-position":"center center","background-size":"auto","background-attachment":"scroll","background-type":"","background-media":"","overlay-type":"","overlay-color":"","overlay-opacity":"","overlay-gradient":""},"tablet":{"background-color":"var(--ast-global-color-5)","background-image":"","background-repeat":"repeat","background-position":"center center","background-size":"auto","background-attachment":"scroll","background-type":"","background-media":"","overlay-type":"","overlay-color":"","overlay-opacity":"","overlay-gradient":""},"mobile":{"background-color":"var(--ast-global-color-5)","background-image":"","background-repeat":"repeat","background-position":"center center","background-size":"auto","background-attachment":"scroll","background-type":"","background-media":"","overlay-type":"","overlay-color":"","overlay-opacity":"","overlay-gradient":""}},"ngg_post_thumbnail":0,"footnotes":""},"categories":[6],"tags":[],"class_list":["post-31888","post","type-post","status-publish","format-standard","hentry","category-aktuelles"],"acf":[],"_links":{"self":[{"href":"https:\/\/www.ff-nitscha.at\/index.php?rest_route=\/wp\/v2\/posts\/31888","targetHints":{"allow":["GET"]}}],"collection":[{"href":"https:\/\/www.ff-nitscha.at\/index.php?rest_route=\/wp\/v2\/posts"}],"about":[{"href":"https:\/\/www.ff-nitscha.at\/index.php?rest_route=\/wp\/v2\/types\/post"}],"author":[{"embeddable":true,"href":"https:\/\/www.ff-nitscha.at\/index.php?rest_route=\/wp\/v2\/users\/4"}],"replies":[{"embeddable":true,"href":"https:\/\/www.ff-nitscha.at\/index.php?rest_route=%2Fwp%2Fv2%2Fcomments&post=31888"}],"version-history":[{"count":4,"href":"https:\/\/www.ff-nitscha.at\/index.php?rest_route=\/wp\/v2\/posts\/31888\/revisions"}],"predecessor-version":[{"id":31967,"href":"https:\/\/www.ff-nitscha.at\/index.php?rest_route=\/wp\/v2\/posts\/31888\/revisions\/31967"}],"wp:attachment":[{"href":"https:\/\/www.ff-nitscha.at\/index.php?rest_route=%2Fwp%2Fv2%2Fmedia&parent=31888"}],"wp:term":[{"taxonomy":"category","embeddable":true,"href":"https:\/\/www.ff-nitscha.at\/index.php?rest_route=%2Fwp%2Fv2%2Fcategories&post=31888"},{"taxonomy":"post_tag","embeddable":true,"href":"https:\/\/www.ff-nitscha.at\/index.php?rest_route=%2Fwp%2Fv2%2Ftags&post=31888"}],"curies":[{"name":"wp","href":"https:\/\/api.w.org\/{rel}","templated":true}]}}